{"id":146820,"date":"2026-04-15T21:56:21","date_gmt":"2026-04-15T21:56:21","guid":{"rendered":"https:\/\/skymall.dikonia.in\/?p=146820"},"modified":"2026-04-15T21:56:21","modified_gmt":"2026-04-15T21:56:21","slug":"stronga-tajekozottsag-jelentosege-milyen-modon-befolyasolja-a-tudas-a-kortars-hetkoeznapokat-strong","status":"publish","type":"post","link":"https:\/\/skymall.dikonia.in\/index.php\/2026\/04\/15\/stronga-tajekozottsag-jelentosege-milyen-modon-befolyasolja-a-tudas-a-kortars-hetkoeznapokat-strong\/","title":{"rendered":"<strong>A t\u00e1j\u00e9kozotts\u00e1g jelent\u0151s\u00e9ge: Milyen m\u00f3don befoly\u00e1solja a tud\u00e1s a kort\u00e1rs h\u00e9tk\u00f6znapokat? <\/strong>"},"content":{"rendered":"<h1><strong>A t\u00e1j\u00e9kozotts\u00e1g jelent\u0151s\u00e9ge: Milyen m\u00f3don befoly\u00e1solja a tud\u00e1s a kort\u00e1rs h\u00e9tk\u00f6znapokat? <\/strong><\/h1>\n<p>A huszonegyedik sz\u00e1zad bek\u00f6sz\u00f6nt\u00e9vel az emberis\u00e9g egy saj\u00e1tos id\u0151szakba \u00e9rkezett, ahol a tud\u00e1s lett a legfontosabb \u00e9rt\u00e9km\u00e9r\u0151v\u00e9. A m\u00faltban a birtok, k\u00e9s\u0151bb a technikai vagyon hat\u00e1rozta meg a t\u00e1rsadalmi \u00e9s gazdas\u00e1gi er\u0151viszonyokat, jelenleg ellenben az adat valamint annak kezel\u00e9se tal\u00e1lhat\u00f3 a moderniz\u00e1ci\u00f3 sz\u00edv\u00e9ben. Az adatforgalom sebess\u00e9ge \u00e9s t\u00f6mege gy\u00f6keresen v\u00e1ltoztatta meg a m\u00f3dot, mik\u00e9nt dolgozunk, tanulunk, vagy \u00e9ppens\u00e9ggel a szabadid\u0151nket t\u00f6ltj\u00fck. Ez a digit\u00e1lis \u00e1talakul\u00e1s nem csak technol\u00f3giai v\u00e1lt\u00e1s, hanem egy alapvet\u0151 t\u00e1rsadalmi \u00e9s gondolkod\u00e1sbeli evol\u00faci\u00f3 is egyben, mely minden szem\u00e9lyre hat\u00e1ssal van. <\/p>\n<h2><strong>Az inform\u00e1ci\u00f3 mint a gazdas\u00e1g valamint az eredm\u00e9nyess\u00e9g alappill\u00e9re<\/strong><\/h2>\n<p>A kort\u00e1rs \u00fczleti vil\u00e1gban a tud\u00e1s tulajdonl\u00e1sa \u00e9s ki\u00e9rt\u00e9kel\u00e9se jelenti a legf\u0151bb elt\u00e9r\u00e9st a maradand\u00f3 diadal \u00e9s a cs\u0151d k\u00f6z\u00f6tt. A v\u00e1llalatok jelenleg nem meg\u00e9rz\u00e9sekre, hanem sokkal ink\u00e1bb pontos, m\u00e9lyrehat\u00f3 adatsorokra alapozz\u00e1k \u00e1tfog\u00f3 terveiket. A predikt\u00edv analitika \u00e9s a val\u00f3s idej\u0171 monitoring lehet\u0151v\u00e9 teszi, hogy a szektor v\u00e1ltoz\u00e1saira k\u00e9sleked\u00e9s n\u00e9lk\u00fcl reag\u00e1ljanak, cs\u00f6kkentve az elker\u00fclhet\u0151 h\u00e1tr\u00e1nyokat valamint n\u00f6velve a megl\u00e9v\u0151 lehet\u0151s\u00e9gek kihaszn\u00e1l\u00e1s\u00e1t. <\/p>\n<p>Ez a produktivit\u00e1s azonban nem korl\u00e1toz\u00f3dik a nagy c\u00e9gek k\u00f6r\u00e9re. A priv\u00e1t felhaszn\u00e1l\u00f3k szintj\u00e9n is megny\u00edltak azok a digit\u00e1lis megold\u00e1sok, amelyek r\u00e9gebben kiz\u00e1r\u00f3lag a kiv\u00e1lts\u00e1gos csoportok el\u0151jogai voltak: <\/p>\n<ul>\n<li><strong>Szem\u00e9lyre szabott hat\u00e9konys\u00e1g: <\/strong> A virtu\u00e1lis rendszerek \u00e9s a modern napt\u00e1rak \u00f6sszehangolj\u00e1k feladatainkat valamennyi haszn\u00e1lt k\u00fcty\u00fcnk\u00f6n. <\/li>\n<li><strong>Gyors adattov\u00e1bb\u00edt\u00e1s: <\/strong> A nemzetk\u00f6zi kapcsolattart\u00e1si fel\u00fcletek \u00fatj\u00e1n a szakmai egy\u00fcttm\u0171k\u00f6d\u00e9s nem \u00fctk\u00f6zik nemzeti korl\u00e1tokat illetve t\u00e1vols\u00e1gi g\u00e1takat. <\/li>\n<li><strong>T\u00f6k\u00e9letes\u00edtett elhat\u00e1roz\u00e1s: <\/strong> A komparat\u00edv algoritmusok hozz\u00e1j\u00e1rulnak a legjobb \u00e1ruk \u00e9s lehet\u0151s\u00e9gek hat\u00e9kony kiv\u00e1laszt\u00e1s\u00e1ban, legyen az ak\u00e1r banki \u00fcgyekr\u0151l vagy sz\u00e1ll\u00edt\u00e1si tervez\u00e9sr\u0151l. <\/li>\n<\/ul>\n<h2><strong>Digit\u00e1lis \u00f6kosziszt\u00e9m\u00e1k: A szakmai \u00e9let valamint a kikapcsol\u00f3d\u00e1s egyens\u00falya<\/strong><\/h2>\n<p>A technol\u00f3gia fejl\u0151d\u00e9se meg\u00e1ll\u00edthatatlanul elt\u00fcnteti a kor\u00e1bbi korl\u00e1tokat a hivatali munkav\u00e9gz\u00e9s \u00e9s az egy\u00e9ni \u00e9lett\u00e9r k\u00f6zepette, ez a folyamat pedig egy teljesen \u00fajfajta dinamik\u00e1t ig\u00e9nyel a t\u00e1rsadalomt\u00f3l. A lok\u00e1ci\u00f3f\u00fcggetlen munka \u00e9s a rugalmas munkarendek elterjed\u00e9se bizony\u00edtotta, hogy az inform\u00e1ci\u00f3\u00e1raml\u00e1s stabilit\u00e1sa r\u00e9v\u00e9n az irodai tart\u00f3zkod\u00e1s gyakran elvesz\u00edti jelent\u0151s\u00e9g\u00e9t. Ebben a p\u00f6rg\u0151s szf\u00e9r\u00e1ban a szem\u00e9lyes szerepv\u00e1llal\u00e1s valamint az \u00e1tgondolt id\u0151gazd\u00e1lkod\u00e1s eddigin\u00e9l er\u0151sebben fontosabb\u00e1 v\u00e1lik. <\/p>\n<p>Figyelemre m\u00e9lt\u00f3 \u00e9szrevenni, hogyan ez a digit\u00e1lis elv\u00e1r\u00e1s hogyan sziv\u00e1rog \u00e1t \u00e9szrev\u00e9tlen\u00fcl a pihen\u00e9ssel kapcsolatos id\u0151t\u00f6lt\u00e9seinkbe is. Ahogy a hivat\u00e1sunkban ig\u00e9nyelj\u00fck a p\u00f6rg\u0151s, vil\u00e1gos valamint v\u00e9dett interf\u00e9szeket, ugyan\u00fagy a pihen\u00e9s \u00f3r\u00e1iban is a legmodernebb, legkiv\u00e1l\u00f3bb megold\u00e1sokat v\u00e1lasztjuk. \u00c9ppen ez a szeml\u00e9let teremtette meg a fellelhet\u0151 szolg\u00e1ltat\u00e1sokat, amik a m\u0171szaki innov\u00e1ci\u00f3t a l\u00e1togat\u00f3i el\u00e9gedetts\u00e9g legmagasabb szint\u0171 kiszolg\u00e1l\u00e1s\u00e1ra haszn\u00e1lj\u00e1k. Kiv\u00e1l\u00f3 modell erre a <strong><a href=\"https:\/\/glowcubeofficial.com\/\">sgcasino<\/a><\/strong>, amelynek fel\u00fclet\u00e9n a modern algoritmusok \u00e9s a professzion\u00e1lis \u00fcgyf\u00e9lkezel\u00e9s biztos\u00edtja az els\u0151rang\u00fa sz\u00f3rakoz\u00e1st, \u00fagy, hogy nem kell a felhaszn\u00e1l\u00f3nak alkut kellene tennie a komfort, a sebess\u00e9g vagy a korrekts\u00e9g kapcs\u00e1n. Ez a fajta \u00f6sszeolvad\u00e1s szeml\u00e9lteti legvil\u00e1gosabban, hogy az adat nem csak a hivatali teljes\u00edtm\u00e9nyt, s\u0151t a min\u0151s\u00e9gi \u00e9lm\u00e9nyszerz\u00e9st is k\u00e9pes egy eddig ismeretlen dimenzi\u00f3ba helyezni. <\/p>\n<h2><strong>A technol\u00f3giai lak\u00f3k\u00f6rnyezetek \u00e9s a k\u00f6rnyezeti intelligencia<\/strong><\/h2>\n<p>A tud\u00e1s jelenleg nem kiz\u00e1r\u00f3lag digit\u00e1lis fel\u00fcleteken \u00e9rhet\u0151 el; mostanra gyakorlatilag k\u00f6rbevesz benn\u00fcnket a val\u00f3 vil\u00e1gban is. Az &#8220;Internet of Things&#8221; (IoT) fejl\u0151d\u00e9se a lak\u00e1sainkat is \u00f6ntanul\u00f3, automatiz\u00e1lt egys\u00e9gekk\u00e9 alak\u00edtotta. A kort\u00e1rs otthon ma m\u00e1r alkalmas r\u00e1, hogy alkalmazkodni az egy\u00e9ni ritmusunkhoz, illetve \u00f6nm\u0171k\u00f6d\u0151en seg\u00edteni a mindennapi, n\u00e9ha egyhang\u00fa feladatokat. <\/p>\n<p>A legl\u00e9nyegesebb funkci\u00f3k, melyek komfortosabb\u00e1 valamint egyszer\u0171bb\u00e9 var\u00e1zsolj\u00e1k a mindennapjainkat: <\/p>\n<ol>\n<li><strong>Tudatos energiafelhaszn\u00e1l\u00e1s: <\/strong> Az okos termoszt\u00e1tok valamint f\u00e9nytechnikai rendszerek az adatokat elemezve l\u00e1tv\u00e1nyosan visszafogj\u00e1k a fogyaszt\u00e1st, \u00f3vva ezzel a p\u00e9nzt\u00e1rc\u00e1nkat \u00e9s az \u00f6kol\u00f3giai l\u00e1bnyomunkat. <\/li>\n<li><strong>Korszer\u0171 biztons\u00e1gtechnika: <\/strong> A t\u00e1volr\u00f3l is b\u00e1rmely percben lek\u00e9rdezhet\u0151 szenzorok \u00e9s optikai eszk\u00f6z\u00f6k megszak\u00edt\u00e1s n\u00e9lk\u00fcli jelent\u00e9st adnak vagyont\u00e1rgyaink valamint lak\u00e1sunk aktu\u00e1lis \u00e1llapot\u00e1r\u00f3l. <\/li>\n<li><strong>H\u00e1ztart\u00e1si g\u00e9pes\u00edt\u00e9s: <\/strong> Az \u00f6nj\u00e1r\u00f3 takar\u00edt\u00f3g\u00e9pek valamint intelligens eszk\u00f6z\u00f6k sz\u00e1mottev\u0151 id\u0151t sp\u00f3rolnak meg, melyet azt\u00e1n a csal\u00e1dunkra vagy min\u0151s\u00e9gi tanul\u00e1sra sz\u00e1nhatunk. <\/li>\n<\/ol>\n<h2><strong>Az \u00e1tgondolt adatfelhaszn\u00e1l\u00e1s \u00e9s a technol\u00f3giai harm\u00f3nia<\/strong><\/h2>\n<p>A rendelkez\u00e9s\u00fcnkre \u00e1ll\u00f3 hatalmas adatmennyis\u00e9g azonban komoly kock\u00e1zatokat is tartogat. Az inger\u00e1radat \u00e9s a k\u00e9nyszeres internetkapcsolat szellemi kimer\u00fcl\u00e9shez, a figyelem elterel\u0151d\u00e9s\u00e9hez ir\u00e1ny\u00edthat. Emiatt a modern ember r\u00e9sz\u00e9re a legfontosabb k\u00e9szs\u00e9gg\u00e9 az elemz\u0151 sz\u0171r\u00e9s \u00e9s a bels\u0151 tudatoss\u00e1g v\u00e1lt. El kell saj\u00e1t\u00edtanunk v\u00e1laszt\u00f3vonalat h\u00fazni a val\u00f3ban relev\u00e1ns tud\u00e1s \u00e9s a zavar\u00f3 online inform\u00e1ci\u00f3s szem\u00e9t k\u00f6zepette. <\/p>\n<p>A virtu\u00e1lis j\u00f3l\u00e9t meg\u0151rz\u00e9se \u00e9s \u00e1pol\u00e1sa v\u00e9gett aj\u00e1nlott meghonos\u00edtani n\u00e9h\u00e1ny egyszer\u0171, de hat\u00e9kony szok\u00e1st: <\/p>\n<ul>\n<li><strong>Id\u0151szakos offline peri\u00f3dusok: <\/strong> A nap kijel\u00f6lt szakaszaiban, p\u00e9ld\u00e1ul pihen\u00e9skor vagy k\u00f6zvetlen\u00fcl lefekv\u00e9s el\u0151tt, \u00e9rdemes teljesen elszakadni az intelligens eszk\u00f6z\u00f6kt\u0151l a nyugodt pihen\u00e9s \u00e9rdek\u00e9ben. <\/li>\n<li><strong>Kritikus forr\u00e1skritika: <\/strong> Sose fogadjunk el valamennyi fellelhet\u0151 adatot val\u00f3s\u00e1gk\u00e9nt; n\u00e9zz\u00fck \u00e1t r\u00e9szletesen a h\u00edr forr\u00e1s\u00e1t valamint val\u00f3dis\u00e1g\u00e1t. <\/li>\n<li><strong>Min\u0151s\u00e9gi szelekci\u00f3: <\/strong> Csup\u00e1n olyan applik\u00e1ci\u00f3kat \u00e9s oldalakat illetve csatorn\u00e1kat haszn\u00e1ljunk, melyek \u00e9rdemi hozz\u00e1adott \u00e9rt\u00e9ket vagy pozit\u00edv \u00e9lm\u00e9nyt jelentenek az \u00e9let\u00fcnkben. <\/li>\n<\/ul>\n<h2><strong>A j\u00f6v\u0151 form\u00e1l\u00e1sa a tudatos inform\u00e1ci\u00f3k \u00fatj\u00e1n<\/strong><\/h2>\n<p>Az inform\u00e1ci\u00f3 jelent\u0151s\u00e9ge a modern vil\u00e1gban vitathatatlanul megk\u00e9rd\u0151jelezhetetlen. Olyan komplex megold\u00e1s ez, amely k\u00e9pes el\u0151t\u00e9rbe hozni az egy\u00e9ni lelem\u00e9nyess\u00e9get \u00e9s a teljes\u00edtm\u00e9nyt, amennyiben megfelel\u0151 \u00f6nkontrollal valamint megfontolts\u00e1ggal alkalmazzuk. A holnap gy\u0151ztese nem az lesz, aki a legsz\u00e1mottev\u0151bb t\u00f6meg\u0171 nyers adatot halmozza fel, hanem sokkal ink\u00e1bb az, aki alkalmas r\u00e1, hogy a tud\u00e1st helyes elhat\u00e1roz\u00e1sokk\u00e1 valamint \u00e9lhet\u0151 mindennapokk\u00e1 konvert\u00e1lni. A folyamatos tanul\u00e1s ir\u00e1nti v\u00e1gy \u00e9s az \u00faj technol\u00f3gi\u00e1khoz val\u00f3 rugalmas hozz\u00e1\u00e1ll\u00e1s lesz az ir\u00e1nyt\u0171nk ebben a sz\u00fcntelen\u00fcl m\u00f3dosul\u00f3, kih\u00edv\u00e1sokkal teli online vil\u00e1gban. A tud\u00e1s birtokl\u00e1sa felel\u0151ss\u00e9ggel j\u00e1r, de egyben ez a f\u0151 eszk\u00f6z a kort\u00e1rs l\u00e9t meg\u00e9l\u00e9s\u00e9hez is. <\/p>\n","protected":false},"excerpt":{"rendered":"<p>A t\u00e1j\u00e9kozotts\u00e1g jelent\u0151s\u00e9ge: Milyen m\u00f3don befoly\u00e1solja a tud\u00e1s a kort\u00e1rs h\u00e9tk\u00f6znapokat? A huszonegyedik sz\u00e1zad bek\u00f6sz\u00f6nt\u00e9vel az emberis\u00e9g egy saj\u00e1tos id\u0151szakba \u00e9rkezett, ahol a tud\u00e1s lett a legfontosabb \u00e9rt\u00e9km\u00e9r\u0151v\u00e9. A m\u00faltban a birtok, k\u00e9s\u0151bb a technikai vagyon hat\u00e1rozta meg a t\u00e1rsadalmi \u00e9s gazdas\u00e1gi er\u0151viszonyokat, jelenleg ellenben az adat valamint annak kezel\u00e9se tal\u00e1lhat\u00f3 a moderniz\u00e1ci\u00f3 sz\u00edv\u00e9ben. Az&hellip; <a class=\"more-link\" href=\"https:\/\/skymall.dikonia.in\/index.php\/2026\/04\/15\/stronga-tajekozottsag-jelentosege-milyen-modon-befolyasolja-a-tudas-a-kortars-hetkoeznapokat-strong\/\">Continue reading <span class=\"screen-reader-text\"><strong>A t\u00e1j\u00e9kozotts\u00e1g jelent\u0151s\u00e9ge: Milyen m\u00f3don befoly\u00e1solja a tud\u00e1s a kort\u00e1rs h\u00e9tk\u00f6znapokat? <\/strong><\/span><\/a><\/p>\n","protected":false},"author":11,"featured_media":0,"comment_status":"closed","ping_status":"open","sticky":false,"template":"","format":"standard","meta":[],"categories":[1],"tags":[],"_links":{"self":[{"href":"https:\/\/skymall.dikonia.in\/index.php\/wp-json\/wp\/v2\/posts\/146820"}],"collection":[{"href":"https:\/\/skymall.dikonia.in\/index.php\/wp-json\/wp\/v2\/posts"}],"about":[{"href":"https:\/\/skymall.dikonia.in\/index.php\/wp-json\/wp\/v2\/types\/post"}],"author":[{"embeddable":true,"href":"https:\/\/skymall.dikonia.in\/index.php\/wp-json\/wp\/v2\/users\/11"}],"replies":[{"embeddable":true,"href":"https:\/\/skymall.dikonia.in\/index.php\/wp-json\/wp\/v2\/comments?post=146820"}],"version-history":[{"count":1,"href":"https:\/\/skymall.dikonia.in\/index.php\/wp-json\/wp\/v2\/posts\/146820\/revisions"}],"predecessor-version":[{"id":146821,"href":"https:\/\/skymall.dikonia.in\/index.php\/wp-json\/wp\/v2\/posts\/146820\/revisions\/146821"}],"wp:attachment":[{"href":"https:\/\/skymall.dikonia.in\/index.php\/wp-json\/wp\/v2\/media?parent=146820"}],"wp:term":[{"taxonomy":"category","embeddable":true,"href":"https:\/\/skymall.dikonia.in\/index.php\/wp-json\/wp\/v2\/categories?post=146820"},{"taxonomy":"post_tag","embeddable":true,"href":"https:\/\/skymall.dikonia.in\/index.php\/wp-json\/wp\/v2\/tags?post=146820"}],"curies":[{"name":"wp","href":"https:\/\/api.w.org\/{rel}","templated":true}]}}